{"id":2959,"date":"2025-11-18T09:00:00","date_gmt":"2025-11-18T08:00:00","guid":{"rendered":"https:\/\/chantalsanmiguel.ch\/?p=2959"},"modified":"2025-12-07T21:16:51","modified_gmt":"2025-12-07T20:16:51","slug":"meinen-rhythmus-finden-autismus-verstehen","status":"publish","type":"post","link":"https:\/\/chantalsanmiguel.ch\/de\/meinen-rhythmus-finden-autismus-verstehen\/","title":{"rendered":"Meinen eigenen Rythmus finden: Autismus verstehen"},"content":{"rendered":"<p>[et_pb_section fb_built=&#8220;1&#8243; _builder_version=&#8220;4.27.4&#8243; _module_preset=&#8220;default&#8220; custom_padding=&#8220;0px|||||&#8220; global_colors_info=&#8220;{}&#8220;][et_pb_row _builder_version=&#8220;4.27.4&#8243; _module_preset=&#8220;default&#8220; global_colors_info=&#8220;{}&#8220;][et_pb_column type=&#8220;4_4&#8243; _builder_version=&#8220;4.27.4&#8243; _module_preset=&#8220;default&#8220; global_colors_info=&#8220;{}&#8220;][et_pb_text _builder_version=&#8220;4.27.4&#8243; header_text_color=&#8220;gcid-body-color&#8220; background_size=&#8220;initial&#8220; background_position=&#8220;top_left&#8220; background_repeat=&#8220;repeat&#8220; hover_enabled=&#8220;0&#8243; global_colors_info=&#8220;{%22gcid-body-color%22:%91%22header_text_color%22%93}&#8220; sticky_enabled=&#8220;0&#8243;]<\/p>\n<p>Autismus wird oft missverstanden, zu h\u00e4ufig betrachtet man, was \u201efehlt\u201c, statt was anders ist. Aber Autismus bedeutet nicht, kaputt zu sein. Es ist eine neurobiologische Besonderheit, die beeinflusst, wie Menschen die Welt wahrnehmen, verarbeiten und mit ihr interagieren. Sie wirkt sich auf Kommunikation, Sinneserfahrungen, soziale Interaktion und Verhalten aus und bringt ihre eigenen, einzigartigen St\u00e4rken mit sich.   <\/p>\n<p><strong>Was bedeuted das Spektrum <\/strong><\/p>\n<p>Autismus, oder Autismus-Spektrum-St\u00f6rung (ASS), existiert auf einem Spektrum. Das bedeutet nicht eine gerade Linie von \u201eleicht\u201c bis \u201eschwer\u201c. Vielmehr kann man es sich wie ein Farbrad oder ein Mischpult vorstellen, Eigenschaften wie Sinnesempfindlichkeit, Kommunikationsstil, soziale Energie oder der Bedarf an Routine k\u00f6nnen auf unz\u00e4hlige Arten ausgepr\u00e4gt sein. Einige autistische Menschen leben unabh\u00e4ngig, andere brauchen mehr Unterst\u00fctzung. Einige sprechen wenig, andere sind sehr verbal. Einige bevorzugen Struktur, andere Spontaneit\u00e4t.     <\/p>\n<p>Aufgrund dieser Vielfalt wird Autismus oft missverstanden. Stereotype pr\u00e4gen die Erwartungen, wie Autismus \u201eaussehen\u201c soll, wer diese Erwartungen nicht erf\u00fcllt, wird oft \u00fcbersehen, abgetan oder falsch diagnostiziert. Besonders Frauen und M\u00e4dchen neigen dazu, ihre Merkmale zu maskieren, sodass viele erst im Erwachsenenalter diagnostiziert werden.  <\/p>\n<p><strong>In meiner eigenen Zeit und meinem eigenen Raum <\/strong><\/p>\n<p>Der M\u0101ori-Begriff Takiw\u0101tanga beschreibt dies treffend: \u201ein meiner eigenen Zeit und meinem eigenen Raum\u201c. Er erinnert uns daran, dass autistische Menschen das Leben anders erleben, nicht falsch, nicht mangelhaft, sondern mit einem eigenen Rhythmus. Diese Perspektive hilft, das Gespr\u00e4ch von \u201eUnterschiede beheben\u201c hin zu \u201eUnterschiede respektieren und unterst\u00fctzen\u201c zu verschieben.  <\/p>\n<p>[\/et_pb_text][et_pb_image src=&#8220;https:\/\/chantalsanmiguel.ch\/wp-content\/uploads\/2025\/10\/1207528.jpeg&#8220; alt=&#8220;Close-up of sandy beach with ocean waves and sparkling water in the background.&#8220; title_text=&#8220;Photo by Min An&#8220; _builder_version=&#8220;4.27.4&#8243; _module_preset=&#8220;default&#8220; global_colors_info=&#8220;{}&#8220;][\/et_pb_image][et_pb_text _builder_version=&#8220;4.27.4&#8243; text_text_color=&#8220;gcid-body-color&#8220; link_font=&#8220;|700|||||||&#8220; link_text_color=&#8220;#968474&#8243; header_text_color=&#8220;gcid-body-color&#8220; background_size=&#8220;initial&#8220; background_position=&#8220;top_left&#8220; background_repeat=&#8220;repeat&#8220; global_colors_info=&#8220;{%22gcid-body-color%22:%91%22header_text_color%22,%22text_text_color%22%93}&#8220;]<strong>Herausforderungen und St\u00e4rken <\/strong><\/p>\n<p>Mit Autismus zu leben bringt echte Herausforderungen mit sich. Sinnesreize k\u00f6nnen \u00fcberw\u00e4ltigend sein, soziale Interaktionen ersch\u00f6pfen, ungeschriebene Regeln schwer verst\u00e4ndlich sein. Gleichzeitig bringt Autismus St\u00e4rken mit: tiefe Konzentration, Aufmerksamkeit f\u00fcr Details, Kreativit\u00e4t, Durchhalteverm\u00f6gen, Ehrlichkeit und einzigartige Probleml\u00f6sungsf\u00e4higkeiten. Wer diese Eigenschaften versteht, kann als autistische Person aufbl\u00fchen, statt sich st\u00e4ndig an eine Welt anzupassen, die f\u00fcr neurotypische Menschen gebaut ist.    <\/p>\n<p><strong>Warum Verst\u00e4ndnis wichtig ist <\/strong><\/p>\n<p>Autismus ist keine Einschr\u00e4nkung, es ist ein Unterschied. Die Anerkennung und Wertsch\u00e4tzung dieses Unterschieds kommt allen zugute: Individuen, Familien, Arbeitspl\u00e4tzen und Gemeinschaften. Wenn wir vom defizitorientierten Denken abr\u00fccken, \u00f6ffnen wir T\u00fcren f\u00fcr Inklusion, Unterst\u00fctzung und Respekt.   <\/p>\n<p>F\u00fcr Ressourcen und Unterst\u00fctzung in der Schweiz besuche <a href=\"https:\/\/www.https:\/\/www.autismus.ch\/\/\" target=\"_blank\" rel=\"noopener\">autism Switzerland.<\/a><\/p>\n<p>Autismus hei\u00dft nicht, dass man hinterherhinkt. Es bedeutet, sein Leben im eigenen Tempo und auf seine eigene Weise zu leben und das ist etwas sehr kraftvolles. [\/et_pb_text][et_pb_text _builder_version=&#8220;4.27.4&#8243; _module_preset=&#8220;default&#8220; text_font=&#8220;Calligraffitti||||||||&#8220; text_font_size=&#8220;25px&#8220; global_colors_info=&#8220;{}&#8220;]<\/p>\n<p>Chantal<\/p>\n<p>[\/et_pb_text][\/et_pb_column][\/et_pb_row][\/et_pb_section]<\/p>\n","protected":false},"excerpt":{"rendered":"<p>Autismus wird oft missverstanden, zu h\u00e4ufig betrachtet man, was \u201efehlt\u201c, statt was anders ist. Aber Autismus bedeutet nicht, kaputt zu sein. Es ist eine neurobiologische Besonderheit, die beeinflusst, wie Menschen die Welt wahrnehmen, verarbeiten und mit ihr interagieren. Sie wirkt sich auf Kommunikation, Sinneserfahrungen, soziale Interaktion und Verhalten aus und bringt ihre eigenen, einzigartigen St\u00e4rken [&hellip;]<\/p>\n","protected":false},"author":1,"featured_media":2947,"comment_status":"closed","ping_status":"closed","sticky":false,"template":"","format":"standard","meta":{"_et_pb_use_builder":"on","_et_pb_old_content":"","_et_gb_content_width":"","footnotes":""},"categories":[11],"tags":[],"class_list":["post-2959","post","type-post","status-publish","format-standard","has-post-thumbnail","hentry","category-unkategorisiert"],"yoast_head":"<!-- This site is optimized with the Yoast SEO plugin v27.4 - https:\/\/yoast.com\/product\/yoast-seo-wordpress\/ -->\n<title>Meinen eigenen Rythmus finden: Autismus verstehen<\/title>\n<meta name=\"description\" content=\"Autismus jenseits von Stereotypen entdecken \u2013 das Spektrum, St\u00e4rken, Herausforderungen und warum Neurodiversit\u00e4t wichtig ist.\" \/>\n<meta name=\"robots\" content=\"index, follow, max-snippet:-1, max-image-preview:large, max-video-preview:-1\" \/>\n<link rel=\"canonical\" href=\"https:\/\/chantalsanmiguel.ch\/de\/meinen-rhythmus-finden-autismus-verstehen\/\" \/>\n<meta property=\"og:locale\" content=\"de_DE\" \/>\n<meta property=\"og:type\" content=\"article\" \/>\n<meta property=\"og:title\" content=\"Meinen eigenen Rythmus finden: Autismus verstehen\" \/>\n<meta property=\"og:description\" content=\"Autismus jenseits von Stereotypen entdecken \u2013 das Spektrum, St\u00e4rken, Herausforderungen und warum Neurodiversit\u00e4t wichtig ist.\" \/>\n<meta property=\"og:url\" content=\"https:\/\/chantalsanmiguel.ch\/de\/meinen-rhythmus-finden-autismus-verstehen\/\" \/>\n<meta property=\"og:site_name\" content=\"Chantal San Miguel\" \/>\n<meta property=\"article:published_time\" content=\"2025-11-18T08:00:00+00:00\" \/>\n<meta property=\"article:modified_time\" content=\"2025-12-07T20:16:51+00:00\" \/>\n<meta property=\"og:image\" content=\"https:\/\/chantalsanmiguel.ch\/wp-content\/uploads\/2025\/10\/3156771.jpg\" \/>\n\t<meta property=\"og:image:width\" content=\"1280\" \/>\n\t<meta property=\"og:image:height\" content=\"853\" \/>\n\t<meta property=\"og:image:type\" content=\"image\/jpeg\" \/>\n<meta name=\"author\" content=\"Chantal\" \/>\n<meta name=\"twitter:card\" content=\"summary_large_image\" \/>\n<meta name=\"twitter:label1\" content=\"Verfasst von\" \/>\n\t<meta name=\"twitter:data1\" content=\"Chantal\" \/>\n\t<meta name=\"twitter:label2\" content=\"Gesch\u00e4tzte Lesezeit\" \/>\n\t<meta name=\"twitter:data2\" content=\"3\u00a0Minuten\" \/>\n<script type=\"application\/ld+json\" class=\"yoast-schema-graph\">{\"@context\":\"https:\\\/\\\/schema.org\",\"@graph\":[{\"@type\":\"Article\",\"@id\":\"https:\\\/\\\/chantalsanmiguel.ch\\\/de\\\/meinen-rhythmus-finden-autismus-verstehen\\\/#article\",\"isPartOf\":{\"@id\":\"https:\\\/\\\/chantalsanmiguel.ch\\\/de\\\/meinen-rhythmus-finden-autismus-verstehen\\\/\"},\"author\":{\"name\":\"Chantal\",\"@id\":\"https:\\\/\\\/chantalsanmiguel.ch\\\/de\\\/#\\\/schema\\\/person\\\/3e174a0836ca8a0b4b7324e01613ede7\"},\"headline\":\"Meinen eigenen Rythmus finden: Autismus verstehen\",\"datePublished\":\"2025-11-18T08:00:00+00:00\",\"dateModified\":\"2025-12-07T20:16:51+00:00\",\"mainEntityOfPage\":{\"@id\":\"https:\\\/\\\/chantalsanmiguel.ch\\\/de\\\/meinen-rhythmus-finden-autismus-verstehen\\\/\"},\"wordCount\":601,\"publisher\":{\"@id\":\"https:\\\/\\\/chantalsanmiguel.ch\\\/de\\\/#organization\"},\"image\":{\"@id\":\"https:\\\/\\\/chantalsanmiguel.ch\\\/de\\\/meinen-rhythmus-finden-autismus-verstehen\\\/#primaryimage\"},\"thumbnailUrl\":\"https:\\\/\\\/chantalsanmiguel.ch\\\/wp-content\\\/uploads\\\/2025\\\/10\\\/3156771.jpg\",\"articleSection\":[\"Unkategorisiert\"],\"inLanguage\":\"de\"},{\"@type\":\"WebPage\",\"@id\":\"https:\\\/\\\/chantalsanmiguel.ch\\\/de\\\/meinen-rhythmus-finden-autismus-verstehen\\\/\",\"url\":\"https:\\\/\\\/chantalsanmiguel.ch\\\/de\\\/meinen-rhythmus-finden-autismus-verstehen\\\/\",\"name\":\"Meinen eigenen Rythmus finden: Autismus verstehen\",\"isPartOf\":{\"@id\":\"https:\\\/\\\/chantalsanmiguel.ch\\\/de\\\/#website\"},\"primaryImageOfPage\":{\"@id\":\"https:\\\/\\\/chantalsanmiguel.ch\\\/de\\\/meinen-rhythmus-finden-autismus-verstehen\\\/#primaryimage\"},\"image\":{\"@id\":\"https:\\\/\\\/chantalsanmiguel.ch\\\/de\\\/meinen-rhythmus-finden-autismus-verstehen\\\/#primaryimage\"},\"thumbnailUrl\":\"https:\\\/\\\/chantalsanmiguel.ch\\\/wp-content\\\/uploads\\\/2025\\\/10\\\/3156771.jpg\",\"datePublished\":\"2025-11-18T08:00:00+00:00\",\"dateModified\":\"2025-12-07T20:16:51+00:00\",\"description\":\"Autismus jenseits von Stereotypen entdecken \u2013 das Spektrum, St\u00e4rken, Herausforderungen und warum Neurodiversit\u00e4t wichtig ist.\",\"breadcrumb\":{\"@id\":\"https:\\\/\\\/chantalsanmiguel.ch\\\/de\\\/meinen-rhythmus-finden-autismus-verstehen\\\/#breadcrumb\"},\"inLanguage\":\"de\",\"potentialAction\":[{\"@type\":\"ReadAction\",\"target\":[\"https:\\\/\\\/chantalsanmiguel.ch\\\/de\\\/meinen-rhythmus-finden-autismus-verstehen\\\/\"]}]},{\"@type\":\"ImageObject\",\"inLanguage\":\"de\",\"@id\":\"https:\\\/\\\/chantalsanmiguel.ch\\\/de\\\/meinen-rhythmus-finden-autismus-verstehen\\\/#primaryimage\",\"url\":\"https:\\\/\\\/chantalsanmiguel.ch\\\/wp-content\\\/uploads\\\/2025\\\/10\\\/3156771.jpg\",\"contentUrl\":\"https:\\\/\\\/chantalsanmiguel.ch\\\/wp-content\\\/uploads\\\/2025\\\/10\\\/3156771.jpg\",\"width\":1280,\"height\":853},{\"@type\":\"BreadcrumbList\",\"@id\":\"https:\\\/\\\/chantalsanmiguel.ch\\\/de\\\/meinen-rhythmus-finden-autismus-verstehen\\\/#breadcrumb\",\"itemListElement\":[{\"@type\":\"ListItem\",\"position\":1,\"name\":\"Home\",\"item\":\"https:\\\/\\\/chantalsanmiguel.ch\\\/de\\\/home\\\/\"},{\"@type\":\"ListItem\",\"position\":2,\"name\":\"Meinen eigenen Rythmus finden: Autismus verstehen\"}]},{\"@type\":\"WebSite\",\"@id\":\"https:\\\/\\\/chantalsanmiguel.ch\\\/de\\\/#website\",\"url\":\"https:\\\/\\\/chantalsanmiguel.ch\\\/de\\\/\",\"name\":\"Chantal San Miguel\",\"description\":\"Neurodiversity Coaching &amp; Mentoring\",\"publisher\":{\"@id\":\"https:\\\/\\\/chantalsanmiguel.ch\\\/de\\\/#organization\"},\"potentialAction\":[{\"@type\":\"SearchAction\",\"target\":{\"@type\":\"EntryPoint\",\"urlTemplate\":\"https:\\\/\\\/chantalsanmiguel.ch\\\/de\\\/?s={search_term_string}\"},\"query-input\":{\"@type\":\"PropertyValueSpecification\",\"valueRequired\":true,\"valueName\":\"search_term_string\"}}],\"inLanguage\":\"de\"},{\"@type\":\"Organization\",\"@id\":\"https:\\\/\\\/chantalsanmiguel.ch\\\/de\\\/#organization\",\"name\":\"Chantal San Miguel - Neurodiversity Coaching\",\"url\":\"https:\\\/\\\/chantalsanmiguel.ch\\\/de\\\/\",\"logo\":{\"@type\":\"ImageObject\",\"inLanguage\":\"de\",\"@id\":\"https:\\\/\\\/chantalsanmiguel.ch\\\/de\\\/#\\\/schema\\\/logo\\\/image\\\/\",\"url\":\"https:\\\/\\\/chantalsanmiguel.ch\\\/wp-content\\\/uploads\\\/2024\\\/11\\\/Neurosparkle-Picture-Logo.png\",\"contentUrl\":\"https:\\\/\\\/chantalsanmiguel.ch\\\/wp-content\\\/uploads\\\/2024\\\/11\\\/Neurosparkle-Picture-Logo.png\",\"width\":500,\"height\":500,\"caption\":\"Chantal San Miguel - Neurodiversity Coaching\"},\"image\":{\"@id\":\"https:\\\/\\\/chantalsanmiguel.ch\\\/de\\\/#\\\/schema\\\/logo\\\/image\\\/\"},\"sameAs\":[\"https:\\\/\\\/www.instagram.com\\\/neurosparkle.ch\\\/\",\"https:\\\/\\\/www.linkedin.com\\\/in\\\/chantal-san-miguel-8b452411a\\\/\"]},{\"@type\":\"Person\",\"@id\":\"https:\\\/\\\/chantalsanmiguel.ch\\\/de\\\/#\\\/schema\\\/person\\\/3e174a0836ca8a0b4b7324e01613ede7\",\"name\":\"Chantal\",\"image\":{\"@type\":\"ImageObject\",\"inLanguage\":\"de\",\"@id\":\"https:\\\/\\\/secure.gravatar.com\\\/avatar\\\/2339d28467762612885e05cfafce885d0a8085dd699946ff4892bde5e67ed1f8?s=96&d=mm&r=g\",\"url\":\"https:\\\/\\\/secure.gravatar.com\\\/avatar\\\/2339d28467762612885e05cfafce885d0a8085dd699946ff4892bde5e67ed1f8?s=96&d=mm&r=g\",\"contentUrl\":\"https:\\\/\\\/secure.gravatar.com\\\/avatar\\\/2339d28467762612885e05cfafce885d0a8085dd699946ff4892bde5e67ed1f8?s=96&d=mm&r=g\",\"caption\":\"Chantal\"},\"sameAs\":[\"https:\\\/\\\/chantalsanmiguel.ch\"]}]}<\/script>\n<!-- \/ Yoast SEO plugin. -->","yoast_head_json":{"title":"Meinen eigenen Rythmus finden: Autismus verstehen","description":"Autismus jenseits von Stereotypen entdecken \u2013 das Spektrum, St\u00e4rken, Herausforderungen und warum Neurodiversit\u00e4t wichtig ist.","robots":{"index":"index","follow":"follow","max-snippet":"max-snippet:-1","max-image-preview":"max-image-preview:large","max-video-preview":"max-video-preview:-1"},"canonical":"https:\/\/chantalsanmiguel.ch\/de\/meinen-rhythmus-finden-autismus-verstehen\/","og_locale":"de_DE","og_type":"article","og_title":"Meinen eigenen Rythmus finden: Autismus verstehen","og_description":"Autismus jenseits von Stereotypen entdecken \u2013 das Spektrum, St\u00e4rken, Herausforderungen und warum Neurodiversit\u00e4t wichtig ist.","og_url":"https:\/\/chantalsanmiguel.ch\/de\/meinen-rhythmus-finden-autismus-verstehen\/","og_site_name":"Chantal San Miguel","article_published_time":"2025-11-18T08:00:00+00:00","article_modified_time":"2025-12-07T20:16:51+00:00","og_image":[{"width":1280,"height":853,"url":"https:\/\/chantalsanmiguel.ch\/wp-content\/uploads\/2025\/10\/3156771.jpg","type":"image\/jpeg"}],"author":"Chantal","twitter_card":"summary_large_image","twitter_misc":{"Verfasst von":"Chantal","Gesch\u00e4tzte Lesezeit":"3\u00a0Minuten"},"schema":{"@context":"https:\/\/schema.org","@graph":[{"@type":"Article","@id":"https:\/\/chantalsanmiguel.ch\/de\/meinen-rhythmus-finden-autismus-verstehen\/#article","isPartOf":{"@id":"https:\/\/chantalsanmiguel.ch\/de\/meinen-rhythmus-finden-autismus-verstehen\/"},"author":{"name":"Chantal","@id":"https:\/\/chantalsanmiguel.ch\/de\/#\/schema\/person\/3e174a0836ca8a0b4b7324e01613ede7"},"headline":"Meinen eigenen Rythmus finden: Autismus verstehen","datePublished":"2025-11-18T08:00:00+00:00","dateModified":"2025-12-07T20:16:51+00:00","mainEntityOfPage":{"@id":"https:\/\/chantalsanmiguel.ch\/de\/meinen-rhythmus-finden-autismus-verstehen\/"},"wordCount":601,"publisher":{"@id":"https:\/\/chantalsanmiguel.ch\/de\/#organization"},"image":{"@id":"https:\/\/chantalsanmiguel.ch\/de\/meinen-rhythmus-finden-autismus-verstehen\/#primaryimage"},"thumbnailUrl":"https:\/\/chantalsanmiguel.ch\/wp-content\/uploads\/2025\/10\/3156771.jpg","articleSection":["Unkategorisiert"],"inLanguage":"de"},{"@type":"WebPage","@id":"https:\/\/chantalsanmiguel.ch\/de\/meinen-rhythmus-finden-autismus-verstehen\/","url":"https:\/\/chantalsanmiguel.ch\/de\/meinen-rhythmus-finden-autismus-verstehen\/","name":"Meinen eigenen Rythmus finden: Autismus verstehen","isPartOf":{"@id":"https:\/\/chantalsanmiguel.ch\/de\/#website"},"primaryImageOfPage":{"@id":"https:\/\/chantalsanmiguel.ch\/de\/meinen-rhythmus-finden-autismus-verstehen\/#primaryimage"},"image":{"@id":"https:\/\/chantalsanmiguel.ch\/de\/meinen-rhythmus-finden-autismus-verstehen\/#primaryimage"},"thumbnailUrl":"https:\/\/chantalsanmiguel.ch\/wp-content\/uploads\/2025\/10\/3156771.jpg","datePublished":"2025-11-18T08:00:00+00:00","dateModified":"2025-12-07T20:16:51+00:00","description":"Autismus jenseits von Stereotypen entdecken \u2013 das Spektrum, St\u00e4rken, Herausforderungen und warum Neurodiversit\u00e4t wichtig ist.","breadcrumb":{"@id":"https:\/\/chantalsanmiguel.ch\/de\/meinen-rhythmus-finden-autismus-verstehen\/#breadcrumb"},"inLanguage":"de","potentialAction":[{"@type":"ReadAction","target":["https:\/\/chantalsanmiguel.ch\/de\/meinen-rhythmus-finden-autismus-verstehen\/"]}]},{"@type":"ImageObject","inLanguage":"de","@id":"https:\/\/chantalsanmiguel.ch\/de\/meinen-rhythmus-finden-autismus-verstehen\/#primaryimage","url":"https:\/\/chantalsanmiguel.ch\/wp-content\/uploads\/2025\/10\/3156771.jpg","contentUrl":"https:\/\/chantalsanmiguel.ch\/wp-content\/uploads\/2025\/10\/3156771.jpg","width":1280,"height":853},{"@type":"BreadcrumbList","@id":"https:\/\/chantalsanmiguel.ch\/de\/meinen-rhythmus-finden-autismus-verstehen\/#breadcrumb","itemListElement":[{"@type":"ListItem","position":1,"name":"Home","item":"https:\/\/chantalsanmiguel.ch\/de\/home\/"},{"@type":"ListItem","position":2,"name":"Meinen eigenen Rythmus finden: Autismus verstehen"}]},{"@type":"WebSite","@id":"https:\/\/chantalsanmiguel.ch\/de\/#website","url":"https:\/\/chantalsanmiguel.ch\/de\/","name":"Chantal San Miguel","description":"Neurodiversity Coaching &amp; Mentoring","publisher":{"@id":"https:\/\/chantalsanmiguel.ch\/de\/#organization"},"potentialAction":[{"@type":"SearchAction","target":{"@type":"EntryPoint","urlTemplate":"https:\/\/chantalsanmiguel.ch\/de\/?s={search_term_string}"},"query-input":{"@type":"PropertyValueSpecification","valueRequired":true,"valueName":"search_term_string"}}],"inLanguage":"de"},{"@type":"Organization","@id":"https:\/\/chantalsanmiguel.ch\/de\/#organization","name":"Chantal San Miguel - Neurodiversity Coaching","url":"https:\/\/chantalsanmiguel.ch\/de\/","logo":{"@type":"ImageObject","inLanguage":"de","@id":"https:\/\/chantalsanmiguel.ch\/de\/#\/schema\/logo\/image\/","url":"https:\/\/chantalsanmiguel.ch\/wp-content\/uploads\/2024\/11\/Neurosparkle-Picture-Logo.png","contentUrl":"https:\/\/chantalsanmiguel.ch\/wp-content\/uploads\/2024\/11\/Neurosparkle-Picture-Logo.png","width":500,"height":500,"caption":"Chantal San Miguel - Neurodiversity Coaching"},"image":{"@id":"https:\/\/chantalsanmiguel.ch\/de\/#\/schema\/logo\/image\/"},"sameAs":["https:\/\/www.instagram.com\/neurosparkle.ch\/","https:\/\/www.linkedin.com\/in\/chantal-san-miguel-8b452411a\/"]},{"@type":"Person","@id":"https:\/\/chantalsanmiguel.ch\/de\/#\/schema\/person\/3e174a0836ca8a0b4b7324e01613ede7","name":"Chantal","image":{"@type":"ImageObject","inLanguage":"de","@id":"https:\/\/secure.gravatar.com\/avatar\/2339d28467762612885e05cfafce885d0a8085dd699946ff4892bde5e67ed1f8?s=96&d=mm&r=g","url":"https:\/\/secure.gravatar.com\/avatar\/2339d28467762612885e05cfafce885d0a8085dd699946ff4892bde5e67ed1f8?s=96&d=mm&r=g","contentUrl":"https:\/\/secure.gravatar.com\/avatar\/2339d28467762612885e05cfafce885d0a8085dd699946ff4892bde5e67ed1f8?s=96&d=mm&r=g","caption":"Chantal"},"sameAs":["https:\/\/chantalsanmiguel.ch"]}]}},"_links":{"self":[{"href":"https:\/\/chantalsanmiguel.ch\/de\/wp-json\/wp\/v2\/posts\/2959","targetHints":{"allow":["GET"]}}],"collection":[{"href":"https:\/\/chantalsanmiguel.ch\/de\/wp-json\/wp\/v2\/posts"}],"about":[{"href":"https:\/\/chantalsanmiguel.ch\/de\/wp-json\/wp\/v2\/types\/post"}],"author":[{"embeddable":true,"href":"https:\/\/chantalsanmiguel.ch\/de\/wp-json\/wp\/v2\/users\/1"}],"replies":[{"embeddable":true,"href":"https:\/\/chantalsanmiguel.ch\/de\/wp-json\/wp\/v2\/comments?post=2959"}],"version-history":[{"count":19,"href":"https:\/\/chantalsanmiguel.ch\/de\/wp-json\/wp\/v2\/posts\/2959\/revisions"}],"predecessor-version":[{"id":3253,"href":"https:\/\/chantalsanmiguel.ch\/de\/wp-json\/wp\/v2\/posts\/2959\/revisions\/3253"}],"wp:featuredmedia":[{"embeddable":true,"href":"https:\/\/chantalsanmiguel.ch\/de\/wp-json\/wp\/v2\/media\/2947"}],"wp:attachment":[{"href":"https:\/\/chantalsanmiguel.ch\/de\/wp-json\/wp\/v2\/media?parent=2959"}],"wp:term":[{"taxonomy":"category","embeddable":true,"href":"https:\/\/chantalsanmiguel.ch\/de\/wp-json\/wp\/v2\/categories?post=2959"},{"taxonomy":"post_tag","embeddable":true,"href":"https:\/\/chantalsanmiguel.ch\/de\/wp-json\/wp\/v2\/tags?post=2959"}],"curies":[{"name":"wp","href":"https:\/\/api.w.org\/{rel}","templated":true}]}}