{"id":2443,"date":"2025-08-19T10:53:34","date_gmt":"2025-08-19T09:53:34","guid":{"rendered":"https:\/\/chantalsanmiguel.ch\/?p=2443"},"modified":"2025-08-19T10:55:19","modified_gmt":"2025-08-19T09:55:19","slug":"neurodiversitaet-die-kraft-eines-wortes","status":"publish","type":"post","link":"https:\/\/chantalsanmiguel.ch\/de\/neurodiversitaet-die-kraft-eines-wortes\/","title":{"rendered":"Neurodiversit\u00e4t, die Kraft eines Wortes"},"content":{"rendered":"<p>[et_pb_section fb_built=&#8220;1&#8243; _builder_version=&#8220;4.27.4&#8243; _module_preset=&#8220;default&#8220; custom_padding=&#8220;0px|||||&#8220; global_colors_info=&#8220;{}&#8220;][et_pb_row _builder_version=&#8220;4.27.4&#8243; _module_preset=&#8220;default&#8220; global_colors_info=&#8220;{}&#8220;][et_pb_column type=&#8220;4_4&#8243; _builder_version=&#8220;4.27.4&#8243; _module_preset=&#8220;default&#8220; global_colors_info=&#8220;{}&#8220;][et_pb_text _builder_version=&#8220;4.27.4&#8243; header_text_color=&#8220;gcid-body-color&#8220; background_size=&#8220;initial&#8220; background_position=&#8220;top_left&#8220; background_repeat=&#8220;repeat&#8220; global_colors_info=&#8220;{%22gcid-body-color%22:%91%22header_text_color%22%93}&#8220;]Vielleicht ist dir das Wort Neurodiversit\u00e4t schon begegnet, in den sozialen Medien, in Schulen oder am Arbeitsplatz, oder bei deiner eigenen Recherche. Aber was bedeutet es eigentlich? Und warum ist es so wichtig?   <\/p>\n<p>Lass uns das gemeinsam anschauen. <\/p>\n<p><strong>Was bedeutet \u201eNeurodiversit\u00e4t\u201c? <\/strong><\/p>\n<p>Der Begriff Neurodiversit\u00e4t wurde in den 1990er-Jahren von der australischen Soziologin Judy Singer gepr\u00e4gt, die selbst autistisch ist. Sie verwendete das Wort, um die nat\u00fcrliche Vielfalt menschlicher Gehirne zu beschreiben. So wie jeder Mensch einzigartige Fingerabdr\u00fccke hat, hat auch jeder Mensch ein einzigartiges Gehirn.   <\/p>\n<p>Neurodiversit\u00e4t bedeutet: neurologische Unterschiede wie ADHS, Autismus, Legasthenie, Dyspraxie und andere sind Teil der menschlichen Vielfalt. Sie sind keine Fehler oder Defizite \u2013 sondern einfach verschiedene Arten, die Welt zu erleben, zu verarbeiten und mit ihr zu interagieren.   <\/p>\n<p><strong>Warum ist das wichtig? <\/strong><\/p>\n<p>Bevor das Konzept der Neurodiversit\u00e4t bekannt wurde, sprach man \u00fcber \u201eabweichende\u201c Gehirnfunktionen fast ausschliesslich im Zusammenhang mit St\u00f6rungen, Defiziten oder Beeintr\u00e4chtigungen. Diese Begriffe werden in medizinischen Kontexten noch immer verwendet und sie beeinflussen, wie wir \u00fcber uns selbst und andere denken.  <\/p>\n<p>Der Begriff Neurodiversit\u00e4t ver\u00e4ndert den Fokus. Er verleugnet nicht die realen Herausforderungen von Menschen mit ADHS oder Autismus, aber er erkennt auch ihre St\u00e4rken an: Kreativit\u00e4t, Widerstandskraft, unkonventionelles Denken und andere Perspektiven   <\/p>\n<p>Er bietet uns einen Rahmen, um zu verstehen: Es gibt nicht eine richtige Art, Mensch zu sein. [\/et_pb_text][et_pb_image src=&#8220;https:\/\/chantalsanmiguel.ch\/wp-content\/uploads\/2025\/07\/3k9pgkwt7ik.jpg&#8220; alt=&#8220;assorted-color smoke&#8220; title_text=&#8220;Photo by Pawel Czerwinski&#8220; _builder_version=&#8220;4.27.4&#8243; _module_preset=&#8220;default&#8220; hover_enabled=&#8220;0&#8243; global_colors_info=&#8220;{}&#8220; sticky_enabled=&#8220;0&#8243;][\/et_pb_image][et_pb_text _builder_version=&#8220;4.27.4&#8243; text_text_color=&#8220;gcid-body-color&#8220; link_font=&#8220;|700|||||||&#8220; link_text_color=&#8220;#968474&#8243; header_text_color=&#8220;gcid-body-color&#8220; background_size=&#8220;initial&#8220; background_position=&#8220;top_left&#8220; background_repeat=&#8220;repeat&#8220; global_colors_info=&#8220;{%22gcid-body-color%22:%91%22header_text_color%22,%22text_text_color%22%93}&#8220;]<\/p>\n<p><strong>Neurodivergent vs. Neurotypisch <\/strong><\/p>\n<p>Vielleicht hast du diese Begriffe auch schon geh\u00f6rt:<\/p>\n<ul>\n<li>Neurodivergent: Eine Person, deren Gehirn anders funktioniert als das, was als \u201etypisch\u201c gilt <br \/>(z.\u202fB. Menschen mit ADHS, Autismus, Legasthenie usw.)<\/li>\n<li>Neurotypisch: Eine Person, deren Gehirn so funktioniert, wie es von der Gesellschaft meist erwartet oder geplant wird.<\/li>\n<\/ul>\n<p>Keiner dieser Begriffe ist besser oder schlechter, sie beschreiben einfach Unterschiede. Das Problem liegt nicht in den Menschen, sondern in den Systemen und Umgebungen, die nicht auf verschiedene Bed\u00fcrfnisse ausgelegt sind.  <\/p>\n<p><strong>Warum dieses Wort so n\u00f6tig ist <\/strong><\/p>\n<p>Sprache pr\u00e4gt unser Denken. Die W\u00f6rter, die wir verwenden, beeinflussen, wie wir f\u00fchlen, wie wir miteinander umgehen und wof\u00fcr wir uns einsetzen. <\/p>\n<p>Neurodiversit\u00e4t gibt uns eine Sprache, mit der wir \u00fcber Unterschiede im Gehirn sprechen k\u00f6nnen, ohne Scham, ohne Stigmatisierung. Sie l\u00e4dt zu Neugier, Empathie und echter Inklusion ein. Und sie erinnert uns daran: Es ist okay, und oft sogar wundersch\u00f6n, anders zu denken, zu f\u00fchlen und zu leben.  <\/p>\n<p>Dieser Begriff verschiebt auch die Frage von \u201eWie kann man diese Person reparieren?\u201c hin zu \u201eWie k\u00f6nnen wir Umgebungen schaffen, in denen verschiedene Denkweisen aufbl\u00fchen k\u00f6nnen?\u201c<\/p>\n<p><strong>Mehr als nur Bewusstsein <\/strong><\/p>\n<p>Neurodiversit\u00e4t zu verstehen ist erst der Anfang. Echte Inklusion bedeutet: weitergehen. Systeme \u00fcberdenken. Vorurteile hinterfragen. Platz machen f\u00fcr all die unterschiedlichen Formen von Brillanz. <\/p>\n<p>Egal, ob du selbst neurodivergent bist oder jemandem zur Seite stehst der es ist, Neurodiversit\u00e4t zu leben ist ein Schritt in Richtung einer mitf\u00fchlenderen, kreativeren und gerechteren Welt.<\/p>\n<p>Und genau das ist ein Ziel, f\u00fcr das es sich lohnt, zu k\u00e4mpfen<\/p>\n<p>Wenn du in der Schweiz lebst und einen neuroaffirmativen Raum suchst, schau dir das <a href=\"https:\/\/nsns.ch\/\" target=\"_blank\" rel=\"noopener\">Neurodiversity Support Network of Switzerland <\/a>an, eine wachsende Community f\u00fcr Austausch, Lernen und Unterst\u00fctzung.<\/p>\n<p>[\/et_pb_text][et_pb_text _builder_version=&#8220;4.27.4&#8243; _module_preset=&#8220;default&#8220; text_font=&#8220;Calligraffitti||||||||&#8220; text_font_size=&#8220;25px&#8220; global_colors_info=&#8220;{}&#8220;]<\/p>\n<p>Chantal<\/p>\n<p>[\/et_pb_text][\/et_pb_column][\/et_pb_row][\/et_pb_section]<\/p>\n","protected":false},"excerpt":{"rendered":"<p>Vielleicht ist dir das Wort Neurodiversit\u00e4t schon begegnet, in den sozialen Medien, in Schulen oder am Arbeitsplatz, oder bei deiner eigenen Recherche. Aber was bedeutet es eigentlich? Und warum ist es so wichtig? Lass uns das gemeinsam anschauen. Was bedeutet \u201eNeurodiversit\u00e4t\u201c? Der Begriff Neurodiversit\u00e4t wurde in den 1990er-Jahren von der australischen Soziologin Judy Singer gepr\u00e4gt, [&hellip;]<\/p>\n","protected":false},"author":1,"featured_media":2610,"comment_status":"closed","ping_status":"closed","sticky":false,"template":"","format":"standard","meta":{"_et_pb_use_builder":"on","_et_pb_old_content":"","_et_gb_content_width":"","footnotes":""},"categories":[11],"tags":[],"class_list":["post-2443","post","type-post","status-publish","format-standard","has-post-thumbnail","hentry","category-unkategorisiert"],"yoast_head":"<!-- This site is optimized with the Yoast SEO plugin v27.4 - https:\/\/yoast.com\/product\/yoast-seo-wordpress\/ -->\n<title>Neurodiversit\u00e4t: Warum dieses Wort so wichtig ist<\/title>\n<meta name=\"description\" content=\"Neurodiversit\u00e4t beschreibt die nat\u00fcrliche Vielfalt menschlicher Gehirne. Erfahre, warum dieser Begriff wichtig ist und wie er unser Denken ver\u00e4ndern kann.\" \/>\n<meta name=\"robots\" content=\"index, follow, max-snippet:-1, max-image-preview:large, max-video-preview:-1\" \/>\n<link rel=\"canonical\" href=\"https:\/\/chantalsanmiguel.ch\/de\/neurodiversitaet-die-kraft-eines-wortes\/\" \/>\n<meta property=\"og:locale\" content=\"de_DE\" \/>\n<meta property=\"og:type\" content=\"article\" \/>\n<meta property=\"og:title\" content=\"Neurodiversit\u00e4t: Warum dieses Wort so wichtig ist\" \/>\n<meta property=\"og:description\" content=\"Neurodiversit\u00e4t beschreibt die nat\u00fcrliche Vielfalt menschlicher Gehirne. Erfahre, warum dieser Begriff wichtig ist und wie er unser Denken ver\u00e4ndern kann.\" \/>\n<meta property=\"og:url\" content=\"https:\/\/chantalsanmiguel.ch\/de\/neurodiversitaet-die-kraft-eines-wortes\/\" \/>\n<meta property=\"og:site_name\" content=\"Chantal San Miguel\" \/>\n<meta property=\"article:published_time\" content=\"2025-08-19T09:53:34+00:00\" \/>\n<meta property=\"article:modified_time\" content=\"2025-08-19T09:55:19+00:00\" \/>\n<meta property=\"og:image\" content=\"https:\/\/chantalsanmiguel.ch\/wp-content\/uploads\/2025\/07\/jybkxinwqgk.jpg\" \/>\n\t<meta property=\"og:image:width\" content=\"1600\" \/>\n\t<meta property=\"og:image:height\" content=\"1067\" \/>\n\t<meta property=\"og:image:type\" content=\"image\/jpeg\" \/>\n<meta name=\"author\" content=\"Chantal\" \/>\n<meta name=\"twitter:card\" content=\"summary_large_image\" \/>\n<meta name=\"twitter:label1\" content=\"Verfasst von\" \/>\n\t<meta name=\"twitter:data1\" content=\"Chantal\" \/>\n\t<meta name=\"twitter:label2\" content=\"Gesch\u00e4tzte Lesezeit\" \/>\n\t<meta name=\"twitter:data2\" content=\"3\u00a0Minuten\" \/>\n<script type=\"application\/ld+json\" class=\"yoast-schema-graph\">{\"@context\":\"https:\\\/\\\/schema.org\",\"@graph\":[{\"@type\":\"Article\",\"@id\":\"https:\\\/\\\/chantalsanmiguel.ch\\\/de\\\/neurodiversitaet-die-kraft-eines-wortes\\\/#article\",\"isPartOf\":{\"@id\":\"https:\\\/\\\/chantalsanmiguel.ch\\\/de\\\/neurodiversitaet-die-kraft-eines-wortes\\\/\"},\"author\":{\"name\":\"Chantal\",\"@id\":\"https:\\\/\\\/chantalsanmiguel.ch\\\/de\\\/#\\\/schema\\\/person\\\/3e174a0836ca8a0b4b7324e01613ede7\"},\"headline\":\"Neurodiversit\u00e4t, die Kraft eines Wortes\",\"datePublished\":\"2025-08-19T09:53:34+00:00\",\"dateModified\":\"2025-08-19T09:55:19+00:00\",\"mainEntityOfPage\":{\"@id\":\"https:\\\/\\\/chantalsanmiguel.ch\\\/de\\\/neurodiversitaet-die-kraft-eines-wortes\\\/\"},\"wordCount\":714,\"publisher\":{\"@id\":\"https:\\\/\\\/chantalsanmiguel.ch\\\/de\\\/#organization\"},\"image\":{\"@id\":\"https:\\\/\\\/chantalsanmiguel.ch\\\/de\\\/neurodiversitaet-die-kraft-eines-wortes\\\/#primaryimage\"},\"thumbnailUrl\":\"https:\\\/\\\/chantalsanmiguel.ch\\\/wp-content\\\/uploads\\\/2025\\\/07\\\/jybkxinwqgk.jpg\",\"articleSection\":[\"Unkategorisiert\"],\"inLanguage\":\"de\"},{\"@type\":\"WebPage\",\"@id\":\"https:\\\/\\\/chantalsanmiguel.ch\\\/de\\\/neurodiversitaet-die-kraft-eines-wortes\\\/\",\"url\":\"https:\\\/\\\/chantalsanmiguel.ch\\\/de\\\/neurodiversitaet-die-kraft-eines-wortes\\\/\",\"name\":\"Neurodiversit\u00e4t: Warum dieses Wort so wichtig ist\",\"isPartOf\":{\"@id\":\"https:\\\/\\\/chantalsanmiguel.ch\\\/de\\\/#website\"},\"primaryImageOfPage\":{\"@id\":\"https:\\\/\\\/chantalsanmiguel.ch\\\/de\\\/neurodiversitaet-die-kraft-eines-wortes\\\/#primaryimage\"},\"image\":{\"@id\":\"https:\\\/\\\/chantalsanmiguel.ch\\\/de\\\/neurodiversitaet-die-kraft-eines-wortes\\\/#primaryimage\"},\"thumbnailUrl\":\"https:\\\/\\\/chantalsanmiguel.ch\\\/wp-content\\\/uploads\\\/2025\\\/07\\\/jybkxinwqgk.jpg\",\"datePublished\":\"2025-08-19T09:53:34+00:00\",\"dateModified\":\"2025-08-19T09:55:19+00:00\",\"description\":\"Neurodiversit\u00e4t beschreibt die nat\u00fcrliche Vielfalt menschlicher Gehirne. Erfahre, warum dieser Begriff wichtig ist und wie er unser Denken ver\u00e4ndern kann.\",\"breadcrumb\":{\"@id\":\"https:\\\/\\\/chantalsanmiguel.ch\\\/de\\\/neurodiversitaet-die-kraft-eines-wortes\\\/#breadcrumb\"},\"inLanguage\":\"de\",\"potentialAction\":[{\"@type\":\"ReadAction\",\"target\":[\"https:\\\/\\\/chantalsanmiguel.ch\\\/de\\\/neurodiversitaet-die-kraft-eines-wortes\\\/\"]}]},{\"@type\":\"ImageObject\",\"inLanguage\":\"de\",\"@id\":\"https:\\\/\\\/chantalsanmiguel.ch\\\/de\\\/neurodiversitaet-die-kraft-eines-wortes\\\/#primaryimage\",\"url\":\"https:\\\/\\\/chantalsanmiguel.ch\\\/wp-content\\\/uploads\\\/2025\\\/07\\\/jybkxinwqgk.jpg\",\"contentUrl\":\"https:\\\/\\\/chantalsanmiguel.ch\\\/wp-content\\\/uploads\\\/2025\\\/07\\\/jybkxinwqgk.jpg\",\"width\":1600,\"height\":1067},{\"@type\":\"BreadcrumbList\",\"@id\":\"https:\\\/\\\/chantalsanmiguel.ch\\\/de\\\/neurodiversitaet-die-kraft-eines-wortes\\\/#breadcrumb\",\"itemListElement\":[{\"@type\":\"ListItem\",\"position\":1,\"name\":\"Home\",\"item\":\"https:\\\/\\\/chantalsanmiguel.ch\\\/de\\\/\"},{\"@type\":\"ListItem\",\"position\":2,\"name\":\"Neurodiversit\u00e4t, die Kraft eines Wortes\"}]},{\"@type\":\"WebSite\",\"@id\":\"https:\\\/\\\/chantalsanmiguel.ch\\\/de\\\/#website\",\"url\":\"https:\\\/\\\/chantalsanmiguel.ch\\\/de\\\/\",\"name\":\"Chantal San Miguel\",\"description\":\"Neurodiversity Coaching &amp; Mentoring\",\"publisher\":{\"@id\":\"https:\\\/\\\/chantalsanmiguel.ch\\\/de\\\/#organization\"},\"potentialAction\":[{\"@type\":\"SearchAction\",\"target\":{\"@type\":\"EntryPoint\",\"urlTemplate\":\"https:\\\/\\\/chantalsanmiguel.ch\\\/de\\\/?s={search_term_string}\"},\"query-input\":{\"@type\":\"PropertyValueSpecification\",\"valueRequired\":true,\"valueName\":\"search_term_string\"}}],\"inLanguage\":\"de\"},{\"@type\":\"Organization\",\"@id\":\"https:\\\/\\\/chantalsanmiguel.ch\\\/de\\\/#organization\",\"name\":\"Chantal San Miguel - Neurodiversity Coaching\",\"url\":\"https:\\\/\\\/chantalsanmiguel.ch\\\/de\\\/\",\"logo\":{\"@type\":\"ImageObject\",\"inLanguage\":\"de\",\"@id\":\"https:\\\/\\\/chantalsanmiguel.ch\\\/de\\\/#\\\/schema\\\/logo\\\/image\\\/\",\"url\":\"https:\\\/\\\/chantalsanmiguel.ch\\\/wp-content\\\/uploads\\\/2024\\\/11\\\/Neurosparkle-Picture-Logo.png\",\"contentUrl\":\"https:\\\/\\\/chantalsanmiguel.ch\\\/wp-content\\\/uploads\\\/2024\\\/11\\\/Neurosparkle-Picture-Logo.png\",\"width\":500,\"height\":500,\"caption\":\"Chantal San Miguel - Neurodiversity Coaching\"},\"image\":{\"@id\":\"https:\\\/\\\/chantalsanmiguel.ch\\\/de\\\/#\\\/schema\\\/logo\\\/image\\\/\"},\"sameAs\":[\"https:\\\/\\\/www.instagram.com\\\/neurosparkle.ch\\\/\",\"https:\\\/\\\/www.linkedin.com\\\/in\\\/chantal-san-miguel-8b452411a\\\/\"]},{\"@type\":\"Person\",\"@id\":\"https:\\\/\\\/chantalsanmiguel.ch\\\/de\\\/#\\\/schema\\\/person\\\/3e174a0836ca8a0b4b7324e01613ede7\",\"name\":\"Chantal\",\"image\":{\"@type\":\"ImageObject\",\"inLanguage\":\"de\",\"@id\":\"https:\\\/\\\/secure.gravatar.com\\\/avatar\\\/2339d28467762612885e05cfafce885d0a8085dd699946ff4892bde5e67ed1f8?s=96&d=mm&r=g\",\"url\":\"https:\\\/\\\/secure.gravatar.com\\\/avatar\\\/2339d28467762612885e05cfafce885d0a8085dd699946ff4892bde5e67ed1f8?s=96&d=mm&r=g\",\"contentUrl\":\"https:\\\/\\\/secure.gravatar.com\\\/avatar\\\/2339d28467762612885e05cfafce885d0a8085dd699946ff4892bde5e67ed1f8?s=96&d=mm&r=g\",\"caption\":\"Chantal\"},\"sameAs\":[\"https:\\\/\\\/chantalsanmiguel.ch\"]}]}<\/script>\n<!-- \/ Yoast SEO plugin. -->","yoast_head_json":{"title":"Neurodiversit\u00e4t: Warum dieses Wort so wichtig ist","description":"Neurodiversit\u00e4t beschreibt die nat\u00fcrliche Vielfalt menschlicher Gehirne. Erfahre, warum dieser Begriff wichtig ist und wie er unser Denken ver\u00e4ndern kann.","robots":{"index":"index","follow":"follow","max-snippet":"max-snippet:-1","max-image-preview":"max-image-preview:large","max-video-preview":"max-video-preview:-1"},"canonical":"https:\/\/chantalsanmiguel.ch\/de\/neurodiversitaet-die-kraft-eines-wortes\/","og_locale":"de_DE","og_type":"article","og_title":"Neurodiversit\u00e4t: Warum dieses Wort so wichtig ist","og_description":"Neurodiversit\u00e4t beschreibt die nat\u00fcrliche Vielfalt menschlicher Gehirne. Erfahre, warum dieser Begriff wichtig ist und wie er unser Denken ver\u00e4ndern kann.","og_url":"https:\/\/chantalsanmiguel.ch\/de\/neurodiversitaet-die-kraft-eines-wortes\/","og_site_name":"Chantal San Miguel","article_published_time":"2025-08-19T09:53:34+00:00","article_modified_time":"2025-08-19T09:55:19+00:00","og_image":[{"width":1600,"height":1067,"url":"https:\/\/chantalsanmiguel.ch\/wp-content\/uploads\/2025\/07\/jybkxinwqgk.jpg","type":"image\/jpeg"}],"author":"Chantal","twitter_card":"summary_large_image","twitter_misc":{"Verfasst von":"Chantal","Gesch\u00e4tzte Lesezeit":"3\u00a0Minuten"},"schema":{"@context":"https:\/\/schema.org","@graph":[{"@type":"Article","@id":"https:\/\/chantalsanmiguel.ch\/de\/neurodiversitaet-die-kraft-eines-wortes\/#article","isPartOf":{"@id":"https:\/\/chantalsanmiguel.ch\/de\/neurodiversitaet-die-kraft-eines-wortes\/"},"author":{"name":"Chantal","@id":"https:\/\/chantalsanmiguel.ch\/de\/#\/schema\/person\/3e174a0836ca8a0b4b7324e01613ede7"},"headline":"Neurodiversit\u00e4t, die Kraft eines Wortes","datePublished":"2025-08-19T09:53:34+00:00","dateModified":"2025-08-19T09:55:19+00:00","mainEntityOfPage":{"@id":"https:\/\/chantalsanmiguel.ch\/de\/neurodiversitaet-die-kraft-eines-wortes\/"},"wordCount":714,"publisher":{"@id":"https:\/\/chantalsanmiguel.ch\/de\/#organization"},"image":{"@id":"https:\/\/chantalsanmiguel.ch\/de\/neurodiversitaet-die-kraft-eines-wortes\/#primaryimage"},"thumbnailUrl":"https:\/\/chantalsanmiguel.ch\/wp-content\/uploads\/2025\/07\/jybkxinwqgk.jpg","articleSection":["Unkategorisiert"],"inLanguage":"de"},{"@type":"WebPage","@id":"https:\/\/chantalsanmiguel.ch\/de\/neurodiversitaet-die-kraft-eines-wortes\/","url":"https:\/\/chantalsanmiguel.ch\/de\/neurodiversitaet-die-kraft-eines-wortes\/","name":"Neurodiversit\u00e4t: Warum dieses Wort so wichtig ist","isPartOf":{"@id":"https:\/\/chantalsanmiguel.ch\/de\/#website"},"primaryImageOfPage":{"@id":"https:\/\/chantalsanmiguel.ch\/de\/neurodiversitaet-die-kraft-eines-wortes\/#primaryimage"},"image":{"@id":"https:\/\/chantalsanmiguel.ch\/de\/neurodiversitaet-die-kraft-eines-wortes\/#primaryimage"},"thumbnailUrl":"https:\/\/chantalsanmiguel.ch\/wp-content\/uploads\/2025\/07\/jybkxinwqgk.jpg","datePublished":"2025-08-19T09:53:34+00:00","dateModified":"2025-08-19T09:55:19+00:00","description":"Neurodiversit\u00e4t beschreibt die nat\u00fcrliche Vielfalt menschlicher Gehirne. Erfahre, warum dieser Begriff wichtig ist und wie er unser Denken ver\u00e4ndern kann.","breadcrumb":{"@id":"https:\/\/chantalsanmiguel.ch\/de\/neurodiversitaet-die-kraft-eines-wortes\/#breadcrumb"},"inLanguage":"de","potentialAction":[{"@type":"ReadAction","target":["https:\/\/chantalsanmiguel.ch\/de\/neurodiversitaet-die-kraft-eines-wortes\/"]}]},{"@type":"ImageObject","inLanguage":"de","@id":"https:\/\/chantalsanmiguel.ch\/de\/neurodiversitaet-die-kraft-eines-wortes\/#primaryimage","url":"https:\/\/chantalsanmiguel.ch\/wp-content\/uploads\/2025\/07\/jybkxinwqgk.jpg","contentUrl":"https:\/\/chantalsanmiguel.ch\/wp-content\/uploads\/2025\/07\/jybkxinwqgk.jpg","width":1600,"height":1067},{"@type":"BreadcrumbList","@id":"https:\/\/chantalsanmiguel.ch\/de\/neurodiversitaet-die-kraft-eines-wortes\/#breadcrumb","itemListElement":[{"@type":"ListItem","position":1,"name":"Home","item":"https:\/\/chantalsanmiguel.ch\/de\/"},{"@type":"ListItem","position":2,"name":"Neurodiversit\u00e4t, die Kraft eines Wortes"}]},{"@type":"WebSite","@id":"https:\/\/chantalsanmiguel.ch\/de\/#website","url":"https:\/\/chantalsanmiguel.ch\/de\/","name":"Chantal San Miguel","description":"Neurodiversity Coaching &amp; Mentoring","publisher":{"@id":"https:\/\/chantalsanmiguel.ch\/de\/#organization"},"potentialAction":[{"@type":"SearchAction","target":{"@type":"EntryPoint","urlTemplate":"https:\/\/chantalsanmiguel.ch\/de\/?s={search_term_string}"},"query-input":{"@type":"PropertyValueSpecification","valueRequired":true,"valueName":"search_term_string"}}],"inLanguage":"de"},{"@type":"Organization","@id":"https:\/\/chantalsanmiguel.ch\/de\/#organization","name":"Chantal San Miguel - Neurodiversity Coaching","url":"https:\/\/chantalsanmiguel.ch\/de\/","logo":{"@type":"ImageObject","inLanguage":"de","@id":"https:\/\/chantalsanmiguel.ch\/de\/#\/schema\/logo\/image\/","url":"https:\/\/chantalsanmiguel.ch\/wp-content\/uploads\/2024\/11\/Neurosparkle-Picture-Logo.png","contentUrl":"https:\/\/chantalsanmiguel.ch\/wp-content\/uploads\/2024\/11\/Neurosparkle-Picture-Logo.png","width":500,"height":500,"caption":"Chantal San Miguel - Neurodiversity Coaching"},"image":{"@id":"https:\/\/chantalsanmiguel.ch\/de\/#\/schema\/logo\/image\/"},"sameAs":["https:\/\/www.instagram.com\/neurosparkle.ch\/","https:\/\/www.linkedin.com\/in\/chantal-san-miguel-8b452411a\/"]},{"@type":"Person","@id":"https:\/\/chantalsanmiguel.ch\/de\/#\/schema\/person\/3e174a0836ca8a0b4b7324e01613ede7","name":"Chantal","image":{"@type":"ImageObject","inLanguage":"de","@id":"https:\/\/secure.gravatar.com\/avatar\/2339d28467762612885e05cfafce885d0a8085dd699946ff4892bde5e67ed1f8?s=96&d=mm&r=g","url":"https:\/\/secure.gravatar.com\/avatar\/2339d28467762612885e05cfafce885d0a8085dd699946ff4892bde5e67ed1f8?s=96&d=mm&r=g","contentUrl":"https:\/\/secure.gravatar.com\/avatar\/2339d28467762612885e05cfafce885d0a8085dd699946ff4892bde5e67ed1f8?s=96&d=mm&r=g","caption":"Chantal"},"sameAs":["https:\/\/chantalsanmiguel.ch"]}]}},"_links":{"self":[{"href":"https:\/\/chantalsanmiguel.ch\/de\/wp-json\/wp\/v2\/posts\/2443","targetHints":{"allow":["GET"]}}],"collection":[{"href":"https:\/\/chantalsanmiguel.ch\/de\/wp-json\/wp\/v2\/posts"}],"about":[{"href":"https:\/\/chantalsanmiguel.ch\/de\/wp-json\/wp\/v2\/types\/post"}],"author":[{"embeddable":true,"href":"https:\/\/chantalsanmiguel.ch\/de\/wp-json\/wp\/v2\/users\/1"}],"replies":[{"embeddable":true,"href":"https:\/\/chantalsanmiguel.ch\/de\/wp-json\/wp\/v2\/comments?post=2443"}],"version-history":[{"count":31,"href":"https:\/\/chantalsanmiguel.ch\/de\/wp-json\/wp\/v2\/posts\/2443\/revisions"}],"predecessor-version":[{"id":2747,"href":"https:\/\/chantalsanmiguel.ch\/de\/wp-json\/wp\/v2\/posts\/2443\/revisions\/2747"}],"wp:featuredmedia":[{"embeddable":true,"href":"https:\/\/chantalsanmiguel.ch\/de\/wp-json\/wp\/v2\/media\/2610"}],"wp:attachment":[{"href":"https:\/\/chantalsanmiguel.ch\/de\/wp-json\/wp\/v2\/media?parent=2443"}],"wp:term":[{"taxonomy":"category","embeddable":true,"href":"https:\/\/chantalsanmiguel.ch\/de\/wp-json\/wp\/v2\/categories?post=2443"},{"taxonomy":"post_tag","embeddable":true,"href":"https:\/\/chantalsanmiguel.ch\/de\/wp-json\/wp\/v2\/tags?post=2443"}],"curies":[{"name":"wp","href":"https:\/\/api.w.org\/{rel}","templated":true}]}}